{"id":754,"date":"2013-02-13T21:27:04","date_gmt":"2013-02-13T20:27:04","guid":{"rendered":"http:\/\/kg-frankfurt.gdpbundespolizei.de\/?p=754"},"modified":"2013-02-13T21:27:04","modified_gmt":"2013-02-13T20:27:04","slug":"wir-ehren-zum-25jahrigen-gewerkschaftsjubilaum-helmut-seibert","status":"publish","type":"post","link":"https:\/\/kg-frankfurt.gdpbundespolizeikoblenz.de\/?p=754","title":{"rendered":"Wir ehren zum 25j\u00e4hrigen Gewerkschaftsjubil\u00e4um Helmut Seibert"},"content":{"rendered":"<p style=\"text-align: center;\"><img loading=\"lazy\" decoding=\"async\" class=\"wp-image-755 aligncenter\" alt=\"Helmut 25 Jahre\" src=\"http:\/\/kg-frankfurt.gdpbundespolizei.de\/wp-content\/uploads\/2013\/02\/Helmut-25-Jahre.jpg\" width=\"187\" height=\"140\" \/>Im Rahmen der Mitgliederversammlung der Kreisgruppe Frankfurt\/M\u00a0 am 05.02.2013 war es mir als Vorsitzender eine besondere Ehre meinen jahrelangen treuen Stellvertreter Helmut Seibert zum 25j\u00e4hrigen Gewerkschaftsjubil\u00e4um zu ehren. Helmut wurde am 01.10.1987 in Alsfeld eingestellt. Nach Beendigung des Laufbahnlehrganges im M\u00e4rz 1990, wurde er in der Fahrbereitschaft der Abteilung H\u00fcnfeld eingesetzt. Im Jahre 1992 hat er sich dann entschlossen in den Aufgabenbereich \u201eBahnpolizei\u201c zu wechseln. Seit 16.03.1992 macht er nun Dienst am Hauptbahnhof Frankfurt\/M bei der jetzigen Bundespolizeiinspektion. Seitdem ist er im Schichtdienst als KSB t\u00e4tig und brachte es \u00fcber das Aufstiegsverfahren zum Polizeioberkommissar. Nur zweimal verlie\u00df er seine dienstliche Heimat f\u00fcr eine Auslandsverwendung. Im Rahmen der Neuorganisation wurde 2008 f\u00fcr die Inspektion Frankfurt\/M eine neue Kreisgruppe \u00a0gegr\u00fcndet. Helmut stand als stellvertretender Vorsitzender immer unterst\u00fctzend an meiner Seite. Viele Forderungen f\u00fcr unsere Kolleginnen und Kollegen konnten wir umsetzen. Das Highlight war sicherlich die Einf\u00fchrung der taktischen H\u00fclle f\u00fcr die Schutzwesten, die mit einer Unterschriftenliste von unserer Kreisgruppe ausgel\u00f6st \u00a0wurde. Da ich aus gesundheitlichen Gr\u00fcnden zuk\u00fcnftig etwas k\u00fcrzer treten muss, folgte die Versammlung in der anschlie\u00dfenden Vorstandswahl meinen Vorschlag Helmut Seibert als Vorsitzenden zu w\u00e4hlen, was dann auch einstimmig angenommen wurde.<\/p>\n<p>Als Dank f\u00fcr seine gewerkschaftlichen Treue, durfte ich ihm die Ehrenurkunde und die Anstecknadel \u00fcberreichen. Von der Kreisgruppe erhielt er einen Gutschein und eine Flasche \u201eGendarmentr\u00f6pfchen\u201c.<\/p>\n<p>Wir w\u00fcnschen Helmut Seibert viel Gl\u00fcck mit der F\u00fchrung der Kreisgruppe und danken ihm f\u00fcr die gewerkschaftliche Unterst\u00fctzung und Treue.<\/p>\n<p>Reiner Bieker<\/p>\n","protected":false},"excerpt":{"rendered":"<p>Im Rahmen der Mitgliederversammlung der Kreisgruppe Frankfurt\/M\u00a0 am 05.02.2013 war es mir als Vorsitzender eine besondere Ehre meinen jahrelangen treuen Stellvertreter Helmut Seibert zum 25j\u00e4hrigen Gewerkschaftsjubil\u00e4um zu ehren. Helmut wurde am 01.10.1987 in Alsfeld eingestellt. Nach Beendigung des Laufbahnlehrganges im M\u00e4rz 1990, wurde er in der Fahrbereitschaft der Abteilung H\u00fcnfeld <a class=\"more-link\" href=\"https:\/\/kg-frankfurt.gdpbundespolizeikoblenz.de\/?p=754\">Continue Reading<span class=\"screen-reader-text\">Wir ehren zum 25j\u00e4hrigen Gewerkschaftsjubil\u00e4um Helmut Seibert<\/span><span class=\"meta-nav\">&rarr;<\/span><\/a><\/p>\n","protected":false},"author":1,"featured_media":0,"comment_status":"open","ping_status":"closed","sticky":false,"template":"","format":"standard","meta":{"footnotes":""},"categories":[15],"tags":[],"class_list":["post-754","post","type-post","status-publish","format-standard","hentry","category-aktuell"],"_links":{"self":[{"href":"https:\/\/kg-frankfurt.gdpbundespolizeikoblenz.de\/index.php?rest_route=\/wp\/v2\/posts\/754","targetHints":{"allow":["GET"]}}],"collection":[{"href":"https:\/\/kg-frankfurt.gdpbundespolizeikoblenz.de\/index.php?rest_route=\/wp\/v2\/posts"}],"about":[{"href":"https:\/\/kg-frankfurt.gdpbundespolizeikoblenz.de\/index.php?rest_route=\/wp\/v2\/types\/post"}],"author":[{"embeddable":true,"href":"https:\/\/kg-frankfurt.gdpbundespolizeikoblenz.de\/index.php?rest_route=\/wp\/v2\/users\/1"}],"replies":[{"embeddable":true,"href":"https:\/\/kg-frankfurt.gdpbundespolizeikoblenz.de\/index.php?rest_route=%2Fwp%2Fv2%2Fcomments&post=754"}],"version-history":[{"count":0,"href":"https:\/\/kg-frankfurt.gdpbundespolizeikoblenz.de\/index.php?rest_route=\/wp\/v2\/posts\/754\/revisions"}],"wp:attachment":[{"href":"https:\/\/kg-frankfurt.gdpbundespolizeikoblenz.de\/index.php?rest_route=%2Fwp%2Fv2%2Fmedia&parent=754"}],"wp:term":[{"taxonomy":"category","embeddable":true,"href":"https:\/\/kg-frankfurt.gdpbundespolizeikoblenz.de\/index.php?rest_route=%2Fwp%2Fv2%2Fcategories&post=754"},{"taxonomy":"post_tag","embeddable":true,"href":"https:\/\/kg-frankfurt.gdpbundespolizeikoblenz.de\/index.php?rest_route=%2Fwp%2Fv2%2Ftags&post=754"}],"curies":[{"name":"wp","href":"https:\/\/api.w.org\/{rel}","templated":true}]}}