{"id":741,"date":"2013-01-10T07:18:20","date_gmt":"2013-01-10T06:18:20","guid":{"rendered":"http:\/\/kg-frankfurt.gdpbundespolizei.de\/?p=741"},"modified":"2013-01-10T07:18:20","modified_gmt":"2013-01-10T06:18:20","slug":"gdp-im-gesprach-mit-der-fuhrung-der-bundespolizei","status":"publish","type":"post","link":"https:\/\/kg-frankfurt.gdpbundespolizeikoblenz.de\/?p=741","title":{"rendered":"GdP im Gespr\u00e4ch mit der F\u00fchrung der Bundespolizei"},"content":{"rendered":"<p>Zu einem Gespr\u00e4ch mit dem Bundespolizeipr\u00e4sidenten Dr. Dieter Romann sowie den Vizepr\u00e4sidenten Dr. Franz Palm und J\u00fcrgen Schubert traf sich der gesch\u00e4ftsf\u00fchrende Vorstand der Gewerkschaft der Polizei, Bezirk Bundespolizei, in Potsdam.<\/p>\n<p>Josef Scheuring stellte dabei fest, dass sich die Gewerkschaft der Polizei in den letzten Jahrzehnten massiv dazu eingebracht hat, dass sich der Bundesgrenzschutz alter Art zu einer Bundespolizei in Deutschland weiterentwickelt hat. \u201cDieser Weg muss konsequent fortgef\u00fchrt werden. Daf\u00fcr ist es erforderlich, dass die noch bestehenden Gerechtigkeitsl\u00fccken in der Bezahlungstruktur im Polizeibereich, aber auch im Verwaltungsbereich und bei den Tarifbesch\u00e4ftigten, konsequent angegangen und ausgeglichen werden. Gleichzeitig muss der Bundespolizei zus\u00e4tzliches Personal zur Verf\u00fcgung gestellt werden, um die heute schon bestehenden und weiter aufwachsenden Aufgaben der Bundespolizei sachgerecht aus\u00fcben und die bestehenden permanenten \u00dcberlastungen der Besch\u00e4ftigten abbauen zu k\u00f6nnen. Zudem muss die Gesundheitsvorsorge verbessert werden, die Vereinbarkeit von Beruf und Familie mit konreten Ma\u00dfnahmen gef\u00f6rdert und faire und belastbare Laufbahnverlaufsstrukturen entwickelt werden, die nicht einseitig zu Lasten der Kolleginnen und Kollegen gehen,\u201d so Scheuring.<\/p>\n<p>Dr. Romann sagte dazu, das sich auch das Bundespolizeipr\u00e4sidium bem\u00fche, anhand von entsprechenden Vorschl\u00e4gen zu Verbesserungen, auch f\u00fcr den Haushalt 2014, sowohl f\u00fcr den Polizeibereich, als auch f\u00fcr den Verwaltungsbereich und den Tarifbereich zu kommen. Gemessen an der aktuellen und im Weiteren absehbaren Sicherheitslage, sowie im Hinblick auf die zum Teil verlorengegangene Flexibilit\u00e4t und Elastizit\u00e4t bei der Bundespolizei, die letzten Reformen und Aufgabenzuw\u00e4chse, sei f\u00fcr das Bundespolizeipr\u00e4sidium auch ein Mehrbedarf an Personal mehr als w\u00fcnschenswert. Auch dazu sei man derzeit mit dem Bundesministerium des Innern im Gespr\u00e4ch.<\/p>\n<p>Sven H\u00fcber machte dann deutlich, dass es \u201cF\u00fchrung durch Exceltabellen\u201d in der Bundespolizei nicht geben d\u00fcrfe. \u201cRechtsstaatlich sensible, polizeiliche Eingriffsma\u00dfnahmen d\u00fcrfen in keinem Fall in einer solchen Weise angewiesen werden\u201d, so H\u00fcber. Dr. Romann bemerkte, er setze auf die Eigenverantwortung der eingesetzten Polizeibeamtinnen und -beamten und ihrer F\u00fchrungsverantwortlichen vor Ort und deshalb g\u00e4be es bei ihm in polizeilichen Eingriffsma\u00dfnahmen \u201ckeine F\u00fchrung durch Exeltabellen\u201d.<\/p>\n<p>Die Gespr\u00e4chspartner handelten in dem zweist\u00fcndigen Gespr\u00e4ch eine ganze Reihe weiterer Punkte aus der Arbeitswelt der Bundespolizei ab und stellten dabei deutliche \u00dcbereinstimmung bei der Einsch\u00e4tzung der Situation und bei m\u00f6glichen L\u00f6sungsans\u00e4tzen fest. Beide Seiten waren sich darin einig, dass es sinnvoll und zielf\u00fchrend ist, dort wo man die gleichen Ziele verfolgt, auch die Kr\u00e4fte zu b\u00fcndeln und die L\u00f6sungen gemeinsam anzugehen. \u201cWir konnten uns in der Bundespolizei immer dann positiv weiterentwickeln, wenn alle verantwortlichen Bereiche, von den Besch\u00e4ftigten und ihrer Vertretung, \u00fcber die F\u00fchrung der Bundespolizei und den politisch Verantwortlichen sich gemeinsam in die gleiche Richtung entwickelt haben. Wenn dies im Jahr 2013 in guter Weise gelingt, wird dieses Jahr ein gutes Jahr f\u00fcr die Bundespolizei\u201d, so Scheuring.<\/p>\n<p>&#8212;&#8212;&#8212;&#8212;&#8212;&#8212;&#8212;&#8212;&#8212;&#8212;&#8212;&#8212;&#8212;&#8212;&#8212;&#8212;&#8212;&#8212;&#8212;&#8212;&#8212;&#8212;&#8212;&#8212;&#8212;&#8212;&#8211;<\/p>\n","protected":false},"excerpt":{"rendered":"<p>Zu einem Gespr\u00e4ch mit dem Bundespolizeipr\u00e4sidenten Dr. Dieter Romann sowie den Vizepr\u00e4sidenten Dr. Franz Palm und J\u00fcrgen Schubert traf sich der gesch\u00e4ftsf\u00fchrende Vorstand der Gewerkschaft der Polizei, Bezirk Bundespolizei, in Potsdam. Josef Scheuring stellte dabei fest, dass sich die Gewerkschaft der Polizei in den letzten Jahrzehnten massiv dazu eingebracht hat, <a class=\"more-link\" href=\"https:\/\/kg-frankfurt.gdpbundespolizeikoblenz.de\/?p=741\">Continue Reading<span class=\"screen-reader-text\">GdP im Gespr\u00e4ch mit der F\u00fchrung der Bundespolizei<\/span><span class=\"meta-nav\">&rarr;<\/span><\/a><\/p>\n","protected":false},"author":1,"featured_media":0,"comment_status":"open","ping_status":"closed","sticky":false,"template":"","format":"standard","meta":{"footnotes":""},"categories":[15],"tags":[],"class_list":["post-741","post","type-post","status-publish","format-standard","hentry","category-aktuell"],"_links":{"self":[{"href":"https:\/\/kg-frankfurt.gdpbundespolizeikoblenz.de\/index.php?rest_route=\/wp\/v2\/posts\/741","targetHints":{"allow":["GET"]}}],"collection":[{"href":"https:\/\/kg-frankfurt.gdpbundespolizeikoblenz.de\/index.php?rest_route=\/wp\/v2\/posts"}],"about":[{"href":"https:\/\/kg-frankfurt.gdpbundespolizeikoblenz.de\/index.php?rest_route=\/wp\/v2\/types\/post"}],"author":[{"embeddable":true,"href":"https:\/\/kg-frankfurt.gdpbundespolizeikoblenz.de\/index.php?rest_route=\/wp\/v2\/users\/1"}],"replies":[{"embeddable":true,"href":"https:\/\/kg-frankfurt.gdpbundespolizeikoblenz.de\/index.php?rest_route=%2Fwp%2Fv2%2Fcomments&post=741"}],"version-history":[{"count":0,"href":"https:\/\/kg-frankfurt.gdpbundespolizeikoblenz.de\/index.php?rest_route=\/wp\/v2\/posts\/741\/revisions"}],"wp:attachment":[{"href":"https:\/\/kg-frankfurt.gdpbundespolizeikoblenz.de\/index.php?rest_route=%2Fwp%2Fv2%2Fmedia&parent=741"}],"wp:term":[{"taxonomy":"category","embeddable":true,"href":"https:\/\/kg-frankfurt.gdpbundespolizeikoblenz.de\/index.php?rest_route=%2Fwp%2Fv2%2Fcategories&post=741"},{"taxonomy":"post_tag","embeddable":true,"href":"https:\/\/kg-frankfurt.gdpbundespolizeikoblenz.de\/index.php?rest_route=%2Fwp%2Fv2%2Ftags&post=741"}],"curies":[{"name":"wp","href":"https:\/\/api.w.org\/{rel}","templated":true}]}}