{"id":719,"date":"2012-11-12T07:52:03","date_gmt":"2012-11-12T06:52:03","guid":{"rendered":"http:\/\/kg-frankfurt.gdpbundespolizei.de\/?p=719"},"modified":"2012-11-12T07:52:03","modified_gmt":"2012-11-12T06:52:03","slug":"betty-heidler-im-einsatz-bei-der-bundespolizeiinspektion-frankfurtm","status":"publish","type":"post","link":"https:\/\/kg-frankfurt.gdpbundespolizeikoblenz.de\/?p=719","title":{"rendered":"Betty Heidler im Einsatz bei der Bundespolizeiinspektion Frankfurt\/M"},"content":{"rendered":"<p>Sch\u00f6ner Bericht in der Frankfurter Rundschau von unserer Kollegin Betty Heidler<\/p>\n<p><a href=\"http:\/\/www.fr-online.de\/frankfurt\/betty-heidler--streifengang-ohne-hammer,1472798,20824548.html\">http:\/\/www.fr-online.de\/frankfurt\/betty-heidler&#8211;streifengang-ohne-hammer,1472798,20824548.html<\/a><\/p>\n<p>\u00dcbrigens Betty ist auch GdP-Mitglied. Zum Abschlu\u00df ihres Praktikums erhielt Betty vom Vorsitzenden der Kreisgruppe Reiner Bieker ein kleines Pr\u00e4sent. Wir w\u00fcnschen Betty f\u00fcr ihre sportlichen und beruflichen Ziele weiterhin viel Erfolg.<\/p>\n","protected":false},"excerpt":{"rendered":"<p>Sch\u00f6ner Bericht in der Frankfurter Rundschau von unserer Kollegin Betty Heidler http:\/\/www.fr-online.de\/frankfurt\/betty-heidler&#8211;streifengang-ohne-hammer,1472798,20824548.html \u00dcbrigens Betty ist auch GdP-Mitglied. Zum Abschlu\u00df ihres Praktikums erhielt Betty vom Vorsitzenden der Kreisgruppe Reiner Bieker ein kleines Pr\u00e4sent. Wir w\u00fcnschen Betty f\u00fcr ihre sportlichen und beruflichen Ziele weiterhin viel Erfolg.<\/p>\n","protected":false},"author":1,"featured_media":0,"comment_status":"open","ping_status":"closed","sticky":false,"template":"","format":"standard","meta":{"footnotes":""},"categories":[20],"tags":[],"class_list":["post-719","post","type-post","status-publish","format-standard","hentry","category-allgemein"],"_links":{"self":[{"href":"https:\/\/kg-frankfurt.gdpbundespolizeikoblenz.de\/index.php?rest_route=\/wp\/v2\/posts\/719","targetHints":{"allow":["GET"]}}],"collection":[{"href":"https:\/\/kg-frankfurt.gdpbundespolizeikoblenz.de\/index.php?rest_route=\/wp\/v2\/posts"}],"about":[{"href":"https:\/\/kg-frankfurt.gdpbundespolizeikoblenz.de\/index.php?rest_route=\/wp\/v2\/types\/post"}],"author":[{"embeddable":true,"href":"https:\/\/kg-frankfurt.gdpbundespolizeikoblenz.de\/index.php?rest_route=\/wp\/v2\/users\/1"}],"replies":[{"embeddable":true,"href":"https:\/\/kg-frankfurt.gdpbundespolizeikoblenz.de\/index.php?rest_route=%2Fwp%2Fv2%2Fcomments&post=719"}],"version-history":[{"count":0,"href":"https:\/\/kg-frankfurt.gdpbundespolizeikoblenz.de\/index.php?rest_route=\/wp\/v2\/posts\/719\/revisions"}],"wp:attachment":[{"href":"https:\/\/kg-frankfurt.gdpbundespolizeikoblenz.de\/index.php?rest_route=%2Fwp%2Fv2%2Fmedia&parent=719"}],"wp:term":[{"taxonomy":"category","embeddable":true,"href":"https:\/\/kg-frankfurt.gdpbundespolizeikoblenz.de\/index.php?rest_route=%2Fwp%2Fv2%2Fcategories&post=719"},{"taxonomy":"post_tag","embeddable":true,"href":"https:\/\/kg-frankfurt.gdpbundespolizeikoblenz.de\/index.php?rest_route=%2Fwp%2Fv2%2Ftags&post=719"}],"curies":[{"name":"wp","href":"https:\/\/api.w.org\/{rel}","templated":true}]}}