{"id":410,"date":"2010-11-08T14:11:28","date_gmt":"2010-11-08T13:11:28","guid":{"rendered":"http:\/\/kg-frankfurt.gdp-bundespolizei.de\/2010\/11\/08\/gdp-bundespolizei-fordert-wegen-den-enormen-einsatzbelastungen-von-unseren-kolleginnen-und-kollegen-die-zurucknahme-der-1400-stellenstreichungen-im-vollzugs-und-verwaltungsdienst-der-bundespolizei\/"},"modified":"2010-11-08T14:11:28","modified_gmt":"2010-11-08T13:11:28","slug":"gdp-bundespolizei-fordert-wegen-den-enormen-einsatzbelastungen-von-unseren-kolleginnen-und-kollegen-die-zurucknahme-der-1400-stellenstreichungen-im-vollzugs-und-verwaltungsdienst-der-bundespolizei","status":"publish","type":"post","link":"https:\/\/kg-frankfurt.gdpbundespolizeikoblenz.de\/?p=410","title":{"rendered":"GdP Bundespolizei fordert wegen den enormen Einsatzbelastungen von unseren Kolleginnen und Kollegen die Zur\u00fccknahme der 1400 Stellenstreichungen im Vollzugs- und Verwaltungsdienst der Bundespolizei"},"content":{"rendered":"<p><a href=\"http:\/\/kg-frankfurt.gdp-bundespolizei.de\/wp-content\/uploads\/2010\/06\/rol_voss.jpg\" title=\"Direktionsgruppenvorsitzender Roland Voss\"><img loading=\"lazy\" decoding=\"async\" src=\"http:\/\/kg-frankfurt.gdp-bundespolizei.de\/wp-content\/uploads\/2010\/06\/rol_voss.jpg\" alt=\"Direktionsgruppenvorsitzender Roland Voss\" height=\"132\" width=\"104\" \/><\/a><strong><span style=\"font-size: 10.5pt\">Voss:  \u201eGro\u00dfeins\u00e4tze, wie beispielsweise die CASTOR Transporte kann die  Polizei personell so nicht mehr stemmen.\u00a0 Ein Mehr geht nicht mehr!\u201c<\/span><\/strong><\/p>\n<p class=\"MsoNormal\" style=\"margin: 0px\"><span style=\"font-size: 10.5pt\">\u00a0<\/span><\/p>\n<p class=\"MsoNormal\" style=\"margin: 0px\"><span style=\"font-size: 10.5pt\">\u00a0<\/span><\/p>\n<p class=\"MsoNormal\" style=\"margin: 0px\"><span style=\"font-size: 10.5pt\">Am  16. November j\u00e4hrt sich zum vierten Mal die Verk\u00fcndung der  Neuorganisation der Bundespolizei. Bis zum heutigen Tage hat diese  Neuorganisation bez\u00fcglich der Personalbemessung nicht das gew\u00fcnschte  Ergebnis in Hessen, Rheinland Pfalz und dem Saarland erbracht, welches  vollmundig 2006 verk\u00fcndet wurde.<\/span><span id=\"more-330\"><\/span><\/p>\n<p class=\"MsoNormal\" style=\"margin: 0px\"><span style=\"font-size: 10.5pt\">\u00a0<\/span><\/p>\n<p class=\"MsoNormal\" style=\"margin: 0px\"><span style=\"font-size: 10.5pt\">Roland  Voss, Vorsitzender der Gewerkschaft der Polizei (GdP) &#8211;\u00a0  Bundespolizeidirektion Koblenz, welche in den Bundesl\u00e4ndern Hessen,\u00a0  Rheinland-Pfalz und dem\u00a0 Saarland\u00a0 zust\u00e4ndig ist: \u201eVon den angeblich  1000 Beamten bundesweit mehr auf der Stra\u00dfe fehlen alleine bei der  Bundespolizei in Koblenz (zust\u00e4ndig f\u00fcr drei Bundesl\u00e4nder) immer noch  rund 300.\u201c<\/span><\/p>\n<p class=\"MsoNormal\" style=\"margin: 0px\"><span style=\"font-size: 10.5pt\">Die  GdP kritisiert zudem die Debatte und die irritierenden und  widerspr\u00fcchlichen politischen Reaktionen auf die Sprengstofffunde. Nach  Informationen der GdP beabsichtigt das Bundesinnenministerium (BMI)  sogar Stellen der Bundespolizei, im Verlauf der durch die  Bundesregierung verk\u00fcndeten Sparma\u00dfnahmen, zu streichen. Voss erkl\u00e4rt,  dass nicht weniger, sonder mehr Polizei ben\u00f6tigt w\u00fcrde. Diese Meinung  wird von den Polizeif\u00fchrungen und verantwortlichen Politikern best\u00e4tigt.<\/span><\/p>\n<p class=\"MsoNormal\" style=\"margin: 0px\"><span style=\"font-size: 10.5pt\">\u00a0<\/span><!--more--><\/p>\n<p class=\"MsoNormal\" style=\"margin: 0px\"><span style=\"font-size: 10.5pt\">Voss:\u00a0  \u201eAngesichts der allgemeinen polizeilichen Lage sind Stellenstreichungen  schon nicht zu verantworten gewesen! Eine zus\u00e4tzliche Beurteilung der  Lage hinsichtlich CASTOR-Transporten, zunehmende Gewaltbereitschaft,  Fu\u00dfball-Eins\u00e4tze, Mega-Events und Gro\u00dfdemonstrationen wie beispielsweise  Stuttgart 21, hat offensichtlich im Hinblick auf die Belastungsfrage  der Polizistinnen und Polizisten in der Vergangenheit nicht in  erforderlichem Ma\u00dfe stattgefunden.\u201c<\/span><\/p>\n<p class=\"MsoNormal\" style=\"margin: 0px\"><span style=\"font-size: 10.5pt\"><br \/>\n\u201eDie neue aktuelle Lage gebietet es jedoch, viel weniger an den Garanten der Inneren Sicherheit zu sparen!<span class=\"Apple-converted-space\">\u00a0<\/span><\/span><span style=\"font-size: 10.5pt\">Wer  der Bundespolizei zus\u00e4tzliche Aufgaben wie die Kontrolle der Luftfracht  \u00fcbertragen will, muss zudem die notwendigen Personalmittel  bereitstellen und auf Stellenk\u00fcrzungen verzichten.\u201c\u00a0 Die GdP erwartet<span class=\"Apple-converted-space\">\u00a0<\/span><\/span><span style=\"font-size: 10.5pt\">zun\u00e4chst  einmal Antworten, wie zus\u00e4tzliche Aufgaben personell bew\u00e4ltigt werden  sollen. Schon jetzt ist die Bundespolizei v\u00f6llig \u00fcberlastet.<\/span><\/p>\n<p class=\"MsoNormal\" style=\"margin: 0px\"><span style=\"font-size: 10.5pt\">\u00a0<\/span><\/p>\n<p class=\"MsoNormal\" style=\"margin: 0px\"><span style=\"font-size: 10.5pt\">Der  GdP Vorsitzende weiter: \u201eWir erwarten auch Antworten wie man den  au\u00dfergew\u00f6hnlich hohen Kranken- und Burnout-F\u00e4llen in der Bundespolizei  begegnen will, bevor man \u00fcber neue Aufgabenzuweisungen nachdenkt!\u201c<\/span><\/p>\n","protected":false},"excerpt":{"rendered":"<p>Voss: \u201eGro\u00dfeins\u00e4tze, wie beispielsweise die CASTOR Transporte kann die Polizei personell so nicht mehr stemmen.\u00a0 Ein Mehr geht nicht mehr!\u201c \u00a0 \u00a0 Am 16. November j\u00e4hrt sich zum vierten Mal die Verk\u00fcndung der Neuorganisation der Bundespolizei. Bis zum heutigen Tage hat diese Neuorganisation bez\u00fcglich der Personalbemessung nicht das gew\u00fcnschte Ergebnis <a class=\"more-link\" href=\"https:\/\/kg-frankfurt.gdpbundespolizeikoblenz.de\/?p=410\">Continue Reading<span class=\"screen-reader-text\">GdP Bundespolizei fordert wegen den enormen Einsatzbelastungen von unseren Kolleginnen und Kollegen die Zur\u00fccknahme der 1400 Stellenstreichungen im Vollzugs- und Verwaltungsdienst der Bundespolizei<\/span><span class=\"meta-nav\">&rarr;<\/span><\/a><\/p>\n","protected":false},"author":1,"featured_media":0,"comment_status":"open","ping_status":"closed","sticky":false,"template":"","format":"standard","meta":{"footnotes":""},"categories":[15,14,17],"tags":[],"class_list":["post-410","post","type-post","status-publish","format-standard","hentry","category-aktuell","category-tarif","category-vb"],"_links":{"self":[{"href":"https:\/\/kg-frankfurt.gdpbundespolizeikoblenz.de\/index.php?rest_route=\/wp\/v2\/posts\/410","targetHints":{"allow":["GET"]}}],"collection":[{"href":"https:\/\/kg-frankfurt.gdpbundespolizeikoblenz.de\/index.php?rest_route=\/wp\/v2\/posts"}],"about":[{"href":"https:\/\/kg-frankfurt.gdpbundespolizeikoblenz.de\/index.php?rest_route=\/wp\/v2\/types\/post"}],"author":[{"embeddable":true,"href":"https:\/\/kg-frankfurt.gdpbundespolizeikoblenz.de\/index.php?rest_route=\/wp\/v2\/users\/1"}],"replies":[{"embeddable":true,"href":"https:\/\/kg-frankfurt.gdpbundespolizeikoblenz.de\/index.php?rest_route=%2Fwp%2Fv2%2Fcomments&post=410"}],"version-history":[{"count":0,"href":"https:\/\/kg-frankfurt.gdpbundespolizeikoblenz.de\/index.php?rest_route=\/wp\/v2\/posts\/410\/revisions"}],"wp:attachment":[{"href":"https:\/\/kg-frankfurt.gdpbundespolizeikoblenz.de\/index.php?rest_route=%2Fwp%2Fv2%2Fmedia&parent=410"}],"wp:term":[{"taxonomy":"category","embeddable":true,"href":"https:\/\/kg-frankfurt.gdpbundespolizeikoblenz.de\/index.php?rest_route=%2Fwp%2Fv2%2Fcategories&post=410"},{"taxonomy":"post_tag","embeddable":true,"href":"https:\/\/kg-frankfurt.gdpbundespolizeikoblenz.de\/index.php?rest_route=%2Fwp%2Fv2%2Ftags&post=410"}],"curies":[{"name":"wp","href":"https:\/\/api.w.org\/{rel}","templated":true}]}}