{"id":2238,"date":"2023-07-15T15:11:40","date_gmt":"2023-07-15T13:11:40","guid":{"rendered":"https:\/\/kg-frankfurt.gdpbundespolizeikoblenz.de\/?p=2238"},"modified":"2023-07-22T07:09:41","modified_gmt":"2023-07-22T05:09:41","slug":"debatte-ueber-letzte-generation-gdp-chef-zu-dpa-kopelkekriminelle-aktionen-und-penetrante-ruecksichtslosigkeit-finden-keine-akzeptanz","status":"publish","type":"post","link":"https:\/\/kg-frankfurt.gdpbundespolizeikoblenz.de\/?p=2238","title":{"rendered":"Debatte \u00fcber &quot;Letzte Generation&quot; &#8211; GdP-Chef zu dpa  &#8212; Kopelke:Kriminelle Aktionen und penetrante R\u00fccksichtslosigkeit finden keine Akzeptanz  &#8212;"},"content":{"rendered":"<p>Debatte \u00fcber &#8222;Letzte Generation&#8220; &#8211; GdP-Chef zu dpa  &#8212; Kopelke:Kriminelle Aktionen und penetrante R\u00fccksichtslosigkeit finden keine Akzeptanz  &#8211;&#013;<br \/>\n\u201eDie Letzte Generation nimmt die Menschen in Geiselhaft. Mit kriminellen Aktionen und penetranter R\u00fccksichtslosigkeit werden sie keine Akzeptanz f\u00fcr ihre Ziele erreichen. Im Gegenteil&#8220;, sagte der Bundesvorsitzende der Gewerkschaft der Polizei (GdP), Jochen Kopelke, der Deutschen Presse-Agentur (dpa)&#013;<br \/>\n<a href=\"https:\/\/www.gdp.de\/gdp\/gdp.nsf\/ID\/32C8FE4EA12B4AB3C12589ED00487447?Open\" target=\"_blank\" rel=\"noopener\">Debatte \u00fcber &#8222;Letzte Generation&#8220; &#8211; GdP-Chef zu dpa  &#8212; Kopelke:Kriminelle Aktionen und penetrante R\u00fccksichtslosigkeit finden keine Akzeptanz  &#8212;<\/a>&#013;<\/p>\n","protected":false},"excerpt":{"rendered":"<p>Debatte \u00fcber &#8222;Letzte Generation&#8220; &#8211; GdP-Chef zu dpa &#8212; Kopelke:Kriminelle Aktionen und penetrante R\u00fccksichtslosigkeit finden keine Akzeptanz &#8211;&#013; \u201eDie Letzte Generation nimmt die Menschen in Geiselhaft. Mit kriminellen Aktionen und penetranter R\u00fccksichtslosigkeit werden sie keine Akzeptanz f\u00fcr ihre Ziele erreichen. Im Gegenteil&#8220;, sagte der Bundesvorsitzende der Gewerkschaft der Polizei (GdP), <a class=\"more-link\" href=\"https:\/\/kg-frankfurt.gdpbundespolizeikoblenz.de\/?p=2238\">Continue Reading<span class=\"screen-reader-text\">Debatte \u00fcber &quot;Letzte Generation&quot; &#8211; GdP-Chef zu dpa  &#8212; Kopelke:Kriminelle Aktionen und penetrante R\u00fccksichtslosigkeit finden keine Akzeptanz  &#8212;<\/span><span class=\"meta-nav\">&rarr;<\/span><\/a><\/p>\n","protected":false},"author":0,"featured_media":0,"comment_status":"false","ping_status":"open","sticky":false,"template":"","format":"standard","meta":{"footnotes":""},"categories":[54],"tags":[36],"class_list":["post-2238","post","type-post","status-publish","format-standard","hentry","category-gdp-news","tag-arbeitszeit"],"_links":{"self":[{"href":"https:\/\/kg-frankfurt.gdpbundespolizeikoblenz.de\/index.php?rest_route=\/wp\/v2\/posts\/2238","targetHints":{"allow":["GET"]}}],"collection":[{"href":"https:\/\/kg-frankfurt.gdpbundespolizeikoblenz.de\/index.php?rest_route=\/wp\/v2\/posts"}],"about":[{"href":"https:\/\/kg-frankfurt.gdpbundespolizeikoblenz.de\/index.php?rest_route=\/wp\/v2\/types\/post"}],"replies":[{"embeddable":true,"href":"https:\/\/kg-frankfurt.gdpbundespolizeikoblenz.de\/index.php?rest_route=%2Fwp%2Fv2%2Fcomments&post=2238"}],"version-history":[{"count":1,"href":"https:\/\/kg-frankfurt.gdpbundespolizeikoblenz.de\/index.php?rest_route=\/wp\/v2\/posts\/2238\/revisions"}],"predecessor-version":[{"id":2239,"href":"https:\/\/kg-frankfurt.gdpbundespolizeikoblenz.de\/index.php?rest_route=\/wp\/v2\/posts\/2238\/revisions\/2239"}],"wp:attachment":[{"href":"https:\/\/kg-frankfurt.gdpbundespolizeikoblenz.de\/index.php?rest_route=%2Fwp%2Fv2%2Fmedia&parent=2238"}],"wp:term":[{"taxonomy":"category","embeddable":true,"href":"https:\/\/kg-frankfurt.gdpbundespolizeikoblenz.de\/index.php?rest_route=%2Fwp%2Fv2%2Fcategories&post=2238"},{"taxonomy":"post_tag","embeddable":true,"href":"https:\/\/kg-frankfurt.gdpbundespolizeikoblenz.de\/index.php?rest_route=%2Fwp%2Fv2%2Ftags&post=2238"}],"curies":[{"name":"wp","href":"https:\/\/api.w.org\/{rel}","templated":true}]}}